{"id":3622,"date":"2026-03-11T15:53:44","date_gmt":"2026-03-11T13:53:44","guid":{"rendered":"https:\/\/www.bund-deutscher-tierfreunde.com\/?p=3622"},"modified":"2026-03-11T15:53:44","modified_gmt":"2026-03-11T13:53:44","slug":"eine-tragoedie-auf-vier-pfoten","status":"publish","type":"post","link":"https:\/\/www.bund-deutscher-tierfreunde.com\/?p=3622","title":{"rendered":"Eine Trag\u00f6die auf vier Pfoten"},"content":{"rendered":"<p><strong>Vier Pfoten erleben eine Trag\u00f6die<\/strong><\/p>\n<p><strong>Das Schicksal des wuscheligen J\u00fcrgen ist traurig und gleichzeitig eine Mahnung<\/strong><\/p>\n<p><strong>Der kleine wuschelige Vierbeiner J\u00fcrgen hat dramatische Tage hinter sich \u2013 er ist das Spiegelbild einer menschlichen und tierischen Trag\u00f6die. Tagelang \u2013 wahrscheinlich eine Woche lang \u2013 harrte er neben seinem verstorbenen Frauchen aus. Tage voll Hoffen, Bangen und Warten f\u00fcr den kleinen Vierbeiner. Als er nach etwa einer Woche in seinem Zuhause gefunden wurde, war er ein Bild des Elends. V\u00f6llig verfilzt, ungepflegt, stinkend und nat\u00fcrlich hungrig wurde er in der Wohnung entdeckt. Ein Bild des Jammers, denn offensichtlich war sein Frauchen schon l\u00e4nger nicht mehr in der k\u00f6rperlichen Lage, sich um den Kleinen richtig zu k\u00fcmmern. <\/strong><\/p>\n<p>Jetzt wird er in der BDT-Tierherberge Kamp-Lintfort aufgep\u00e4ppelt. Zun\u00e4chst gab es ein ausgiebiges Bad, dann Krallenpflege und nat\u00fcrlich eine Extramahlzeit und frisches Wasser. Das Fell stellt wegen seiner L\u00e4nge eine gro\u00dfe Herausforderung dar, es muss st\u00e4ndig gek\u00e4mmt und gepflegt werden. Doch J\u00fcrgen l\u00e4sst alle Prozeduren ohne Knurren \u00fcber sich ergehen. Genie\u00dft sogar die F\u00fcrsorge.<\/p>\n<p>Trotz allem \u2013 oder vielleicht gerade deshalb \u2013 ist er so ein unfassbar sympathischer, lebensfroher Wuschelkopf. Einer, der jeden Tag zeigt, dass man selbst nach schweren Zeiten noch fr\u00f6hlich sein kann. Er ist lustig, freundlich, verschmust bis in die Fellspitzen. Er liebt Menschen und ihre N\u00e4he, genie\u00dft jede Streicheleinheit, als w\u00fcrde er sagen: \u201eAch, das Leben ist doch eigentlich ganz sch\u00f6n.\u201c Andere Hunde? Kein Problem. Katzen? Scheinen auch bekannt vorzukommen. An der Leine l\u00e4uft er vorbildlich, stubenrein ist er sowieso, und im Auto f\u00e4hrt er mit, als h\u00e4tte er nie etwas anderes gemacht.<\/p>\n<p><img loading=\"lazy\" decoding=\"async\" class=\"alignleft size-medium wp-image-3624\" src=\"https:\/\/www.bund-deutscher-tierfreunde.com\/wp-content\/uploads\/2026\/03\/Hund-Juergen-2-300x225.jpeg\" alt=\"\" width=\"300\" height=\"225\" srcset=\"https:\/\/www.bund-deutscher-tierfreunde.com\/wp-content\/uploads\/2026\/03\/Hund-Juergen-2-300x225.jpeg 300w, https:\/\/www.bund-deutscher-tierfreunde.com\/wp-content\/uploads\/2026\/03\/Hund-Juergen-2-1024x768.jpeg 1024w, https:\/\/www.bund-deutscher-tierfreunde.com\/wp-content\/uploads\/2026\/03\/Hund-Juergen-2-768x576.jpeg 768w, https:\/\/www.bund-deutscher-tierfreunde.com\/wp-content\/uploads\/2026\/03\/Hund-Juergen-2-1536x1152.jpeg 1536w, https:\/\/www.bund-deutscher-tierfreunde.com\/wp-content\/uploads\/2026\/03\/Hund-Juergen-2.jpeg 2048w\" sizes=\"auto, (max-width: 300px) 100vw, 300px\" \/>Vorl\u00e4ufig muss er \u2013 leider \u2013 auf jeden Fall in der Tierherberge bleiben, denn er ist mit seinem Schicksal eine juristische Angelegenheit. Da es keine Verf\u00fcgung der verstorbenen Besitzerin gibt, ist seine Zukunft von den Beh\u00f6rden und den Erben abh\u00e4ngig. Und dadurch ist sein Schicksal nicht nur eine Trag\u00f6die, sondern auch eine Mahnung an alle &#8211; besonders \u00e4ltere \u2013 Tierhalter. Sie sollten immer f\u00fcr einen Plan B sorgen, denn J\u00fcrgen ist kein Einzelfall.<\/p>\n<p>Deshalb der eindringliche Appell an alle: Sichert die Zukunft eurer Tiere. K\u00fcmmert euch rechtzeitig um eine L\u00f6sung f\u00fcr den schlimmsten Fall. Die finanzielle Absicherung ist das eine \u2013 nicht jeder kann seinem Tier ein Erbe hinterlassen und so festlegen, in welche H\u00e4nde das Tier kommen soll.\u00a0 Testamentarisch k\u00f6nnen beispielsweise gemeinn\u00fctzige Tierheime oder Gnadenh\u00f6fe wie die BDT-Tierherberge in die mit der Versorgung beauftragt werden. Aber darum geht es nicht in erster Linie.<\/p>\n<p>Es geht darum, dass kein Tier tagelang allein in einer Wohnung zur\u00fcckbleibt, hungert, friert oder schlicht vergessen wird, weil niemand von seiner Existenz wei\u00df. Es gibt so viele einfache und kosteng\u00fcnstige M\u00f6glichkeiten, vorzusorgen: Ein Hinweis im Portemonnaie, dass zu Hause ein Tier versorgt werden muss. Eine Vertrauensperson, die informiert ist. Ein Notfallplan bei den Unterlagen. Eine kleine Notfallkarte am Schl\u00fcsselbund. Es sind oft nur wenige Handgriffe \u2013 mit enormer Wirkung. Das BDT-Team hilft gerne mit Rat und Tat.<\/p>\n<p>Wer zur Versorgung von J\u00fcrgen und seinen vierbeinigen Freunden in der Herberge beitragen m\u00f6chte, kann dies gerne tun. Jede Spende ist willkommen:<\/p>\n<p>&nbsp;<\/p>\n<p>Bund Deutscher Tierfreunde e.V.<\/p>\n<p>Volksbank Niederrhein<\/p>\n<p>IBAN DE44 3546 1106 0128 7840 20<\/p>\n<p>PayPal <a href=\"mailto:verwaltung@bund-deutscher-tierfreunde.de\">verwaltung@bund-deutscher-tierfreunde.de<\/a><\/p>\n","protected":false},"excerpt":{"rendered":"<p>Vier Pfoten erleben eine Trag\u00f6die Das Schicksal des wuscheligen J\u00fcrgen ist traurig und gleichzeitig eine Mahnung Der kleine wuschelige Vierbeiner J\u00fcrgen hat dramatische Tage hinter sich \u2013 er ist das Spiegelbild einer menschlichen und&#46;&#46;&#46;<\/p>\n","protected":false},"author":1,"featured_media":3623,"comment_status":"closed","ping_status":"closed","sticky":false,"template":"","format":"standard","meta":{"footnotes":""},"categories":[2],"tags":[],"class_list":["post-3622","post","type-post","status-publish","format-standard","has-post-thumbnail","hentry","category-bdt"],"_links":{"self":[{"href":"https:\/\/www.bund-deutscher-tierfreunde.com\/index.php?rest_route=\/wp\/v2\/posts\/3622","targetHints":{"allow":["GET"]}}],"collection":[{"href":"https:\/\/www.bund-deutscher-tierfreunde.com\/index.php?rest_route=\/wp\/v2\/posts"}],"about":[{"href":"https:\/\/www.bund-deutscher-tierfreunde.com\/index.php?rest_route=\/wp\/v2\/types\/post"}],"author":[{"embeddable":true,"href":"https:\/\/www.bund-deutscher-tierfreunde.com\/index.php?rest_route=\/wp\/v2\/users\/1"}],"replies":[{"embeddable":true,"href":"https:\/\/www.bund-deutscher-tierfreunde.com\/index.php?rest_route=%2Fwp%2Fv2%2Fcomments&post=3622"}],"version-history":[{"count":1,"href":"https:\/\/www.bund-deutscher-tierfreunde.com\/index.php?rest_route=\/wp\/v2\/posts\/3622\/revisions"}],"predecessor-version":[{"id":3626,"href":"https:\/\/www.bund-deutscher-tierfreunde.com\/index.php?rest_route=\/wp\/v2\/posts\/3622\/revisions\/3626"}],"wp:featuredmedia":[{"embeddable":true,"href":"https:\/\/www.bund-deutscher-tierfreunde.com\/index.php?rest_route=\/wp\/v2\/media\/3623"}],"wp:attachment":[{"href":"https:\/\/www.bund-deutscher-tierfreunde.com\/index.php?rest_route=%2Fwp%2Fv2%2Fmedia&parent=3622"}],"wp:term":[{"taxonomy":"category","embeddable":true,"href":"https:\/\/www.bund-deutscher-tierfreunde.com\/index.php?rest_route=%2Fwp%2Fv2%2Fcategories&post=3622"},{"taxonomy":"post_tag","embeddable":true,"href":"https:\/\/www.bund-deutscher-tierfreunde.com\/index.php?rest_route=%2Fwp%2Fv2%2Ftags&post=3622"}],"curies":[{"name":"wp","href":"https:\/\/api.w.org\/{rel}","templated":true}]}}