{"id":3588,"date":"2025-12-27T13:59:48","date_gmt":"2025-12-27T11:59:48","guid":{"rendered":"https:\/\/www.bund-deutscher-tierfreunde.com\/?p=3588"},"modified":"2025-12-27T14:00:34","modified_gmt":"2025-12-27T12:00:34","slug":"das-gesamte-bdt-team-ist-in-tiefer-trauer","status":"publish","type":"post","link":"https:\/\/www.bund-deutscher-tierfreunde.com\/?p=3588","title":{"rendered":"Das gesamte BDT-Team ist in tiefer Trauer"},"content":{"rendered":"<p>Unser Tierarzt Siegfried Finke (geboren 1958) ist pl\u00f6tzlich und unerwartet verstorben. Seit mehr als zwei Jahrzehnten stand er dem BDT als Tierarzt zur Seite. Nicht nur in der BDT-Tierherberge in Kamp-Lintfort und auf dem Gnadenhof in Weeze war er im unerm\u00fcdlichen Einsatz, er begleitete das Team auch bei Auslandseins\u00e4tzen beispielsweise in Slowenien. Seine hohe fachliche Kompetenz und sein gro\u00dfes Herz f\u00fcr Tiere zeichneten ihn aus, und machten ihn zu einem wertvollen und unersetzbaren Mitglied der BDT-Mannschaft. Er war der \u201eDoc mit Herz\u201c f\u00fcr das Team. \u201eSiggi\u201c, wir werden dich vermissen.<\/p>\n<p>Das gesamte BDT-Team<\/p>\n","protected":false},"excerpt":{"rendered":"<p>Unser Tierarzt Siegfried Finke (geboren 1958) ist pl\u00f6tzlich und unerwartet verstorben. Seit mehr als zwei Jahrzehnten stand er dem BDT als Tierarzt zur Seite. Nicht nur in der BDT-Tierherberge in Kamp-Lintfort und auf dem&#46;&#46;&#46;<\/p>\n","protected":false},"author":1,"featured_media":3589,"comment_status":"closed","ping_status":"closed","sticky":false,"template":"","format":"standard","meta":{"footnotes":""},"categories":[2],"tags":[],"class_list":["post-3588","post","type-post","status-publish","format-standard","has-post-thumbnail","hentry","category-bdt"],"_links":{"self":[{"href":"https:\/\/www.bund-deutscher-tierfreunde.com\/index.php?rest_route=\/wp\/v2\/posts\/3588","targetHints":{"allow":["GET"]}}],"collection":[{"href":"https:\/\/www.bund-deutscher-tierfreunde.com\/index.php?rest_route=\/wp\/v2\/posts"}],"about":[{"href":"https:\/\/www.bund-deutscher-tierfreunde.com\/index.php?rest_route=\/wp\/v2\/types\/post"}],"author":[{"embeddable":true,"href":"https:\/\/www.bund-deutscher-tierfreunde.com\/index.php?rest_route=\/wp\/v2\/users\/1"}],"replies":[{"embeddable":true,"href":"https:\/\/www.bund-deutscher-tierfreunde.com\/index.php?rest_route=%2Fwp%2Fv2%2Fcomments&post=3588"}],"version-history":[{"count":1,"href":"https:\/\/www.bund-deutscher-tierfreunde.com\/index.php?rest_route=\/wp\/v2\/posts\/3588\/revisions"}],"predecessor-version":[{"id":3590,"href":"https:\/\/www.bund-deutscher-tierfreunde.com\/index.php?rest_route=\/wp\/v2\/posts\/3588\/revisions\/3590"}],"wp:featuredmedia":[{"embeddable":true,"href":"https:\/\/www.bund-deutscher-tierfreunde.com\/index.php?rest_route=\/wp\/v2\/media\/3589"}],"wp:attachment":[{"href":"https:\/\/www.bund-deutscher-tierfreunde.com\/index.php?rest_route=%2Fwp%2Fv2%2Fmedia&parent=3588"}],"wp:term":[{"taxonomy":"category","embeddable":true,"href":"https:\/\/www.bund-deutscher-tierfreunde.com\/index.php?rest_route=%2Fwp%2Fv2%2Fcategories&post=3588"},{"taxonomy":"post_tag","embeddable":true,"href":"https:\/\/www.bund-deutscher-tierfreunde.com\/index.php?rest_route=%2Fwp%2Fv2%2Ftags&post=3588"}],"curies":[{"name":"wp","href":"https:\/\/api.w.org\/{rel}","templated":true}]}}